{"id":6057,"date":"2025-12-15T10:00:00","date_gmt":"2025-12-15T09:00:00","guid":{"rendered":"https:\/\/wecare4hair.com\/?p=6057"},"modified":"2025-12-08T10:21:44","modified_gmt":"2025-12-08T09:21:44","slug":"bio-capes-belgische-kwaliteit-voor-een-hygienisch-en-efficient-salon","status":"publish","type":"post","link":"https:\/\/wecare4hair.com\/fr\/bio-capes-belgische-kwaliteit-voor-een-hygienisch-en-efficient-salon\/","title":{"rendered":"Bio-Capes: Belgische kwaliteit voor een hygi\u00ebnisch en effici\u00ebnt salon"},"content":{"rendered":"<p>In een sector waar hygi\u00ebne, snelheid en comfort centraal staan, schakelen steeds meer salons in Belgi\u00eb en Luxemburg over op Bio-Capes van WeCare4Hair.Beauty. Deze innovatieve kapmantels voor eenmalig gebruik zijn gemaakt in Belgi\u00eb en bieden een duurzaam, praktisch en professioneel alternatief voor traditionele wasbare capes.<\/p>\n\n\n\n<p>Bio-Capes combineren modern gebruiksgemak met Belgische productkwaliteit \u2014 ideaal voor salons die tijd willen besparen, hygi\u00ebnischer willen werken en hun ecologische impact willen beperken.<\/p>\n\n\n\n<h2 class=\"wp-block-heading\">Waarom Bio-Capes zo populair zijn in Belgische salons<\/h2>\n\n\n\n<p>Bio-Capes zijn ontworpen om optimale bescherming te bieden tijdens knippen, kleuren en andere behandelingen. Ze elimineren volledig de nadelen van wasbare capes:<\/p>\n\n\n\n<ul class=\"wp-block-list\">\n<li>geen wassen<\/li>\n\n\n\n<li>geen drogen<\/li>\n\n\n\n<li>geen slijtage<\/li>\n\n\n\n<li>geen vlekken of geurtjes<\/li>\n\n\n\n<li>geen grote voorraadbeheerproblemen<\/li>\n<\/ul>\n\n\n\n<h3 class=\"wp-block-heading\">Vooral in drukkere salons vormt dit een enorme effici\u00ebntiewinst.<\/h3>\n\n\n\n<p>Elke klant krijgt een nieuwe, propere en hygi\u00ebnische cape, wat meteen zorgt voor een professionelere uitstraling.<\/p>\n\n\n\n<p>Made in Belgium \u2014 meer dan een label<\/p>\n\n\n\n<p>De Bio-Capes worden volledig in Belgi\u00eb geproduceerd, onder het kwaliteitslabel van WeCare4Hair.Beauty.<\/p>\n\n\n\n<p>Dat betekent:<\/p>\n\n\n\n<ul class=\"wp-block-list\">\n<li>korte productieketens<\/li>\n\n\n\n<li>snelle leveringen<\/li>\n\n\n\n<li>controle over kwaliteit<\/li>\n\n\n\n<li>ondersteuning door een lokale partner<\/li>\n\n\n\n<li>producten afgestemd op de noden van de Belgische markt<\/li>\n<\/ul>\n\n\n\n<p>Salons kunnen dus rekenen op een betrouwbaar product zonder afhankelijk te zijn van buitenlandse voorraden.<\/p>\n\n\n\n<h3 class=\"wp-block-heading\">Duurzame materialen met minimale ecologische voetafdruk<\/h3>\n\n\n\n<p>Bio-Capes zijn vervaardigd uit biologisch afbreekbare materialen, afkomstig uit milieubewuste productiestromen.<\/p>\n\n\n\n<p>Ze laten geen microplastics achter en dragen bij aan een zuiverder en groener salonbeleid.<\/p>\n\n\n\n<p>Voor professionals die duurzaamheid willen integreren zonder in te boeten aan comfort of uitstraling, zijn Bio-Capes een ideale keuze.<\/p>\n\n\n\n<p>Hygi\u00ebne: de grootste meerwaarde<\/p>\n\n\n\n<h3 class=\"wp-block-heading\">Hygi\u00ebne bepaalt steeds meer de klantbeleving.<\/h3>\n\n\n\n<p>Met Bio-Capes:<\/p>\n\n\n\n<ul class=\"wp-block-list\">\n<li>krijgt elke klant een volledig nieuwe cape<\/li>\n\n\n\n<li>zijn er geen restharen of productresten<\/li>\n\n\n\n<li>daalt het risico op irritaties of allergie\u00ebn<\/li>\n\n\n\n<li>stijgt de professionele indruk van het salon<\/li>\n<\/ul>\n\n\n\n<p>Vooral kleur- en balayagesalons merken een groot verschil: geen vlekken meer in wasbare capes en geen onooglijke verkleuringen.<\/p>\n\n\n\n<h3 class=\"wp-block-heading\">WeCare4Hair.Beauty: producent \u00e9n leverancier<\/h3>\n\n\n\n<p>In tegenstelling tot andere single-use producten wordt Bio-Capes niet ge\u00efmporteerd, maar geproduceerd door WeCare4Hair.Beauty zelf.<\/p>\n\n\n\n<p>Professionals genieten daardoor van:<\/p>\n\n\n\n<ul class=\"wp-block-list\">\n<li>een directe bron zonder tussenpersonen<\/li>\n\n\n\n<li>consistente voorraden<\/li>\n\n\n\n<li>snelle logistiek<\/li>\n\n\n\n<li>scherpe prijzen<\/li>\n\n\n\n<li>directe service en ondersteuning<\/li>\n\n\n\n<li>kennis van de Belgische markt<\/li>\n<\/ul>\n\n\n\n<p>WeCare4Hair.Beauty staat garant voor kwaliteit en betrouwbaarheid bij elke levering.<\/p>\n\n\n\n<h3 class=\"wp-block-heading\">Conclusion<\/h3>\n\n\n\n<p>Bio-Capes zijn veel meer dan een disposable kapmantel.<\/p>\n\n\n\n<p>Het is een Belgisch kwaliteitsproduct dat salons helpt:<\/p>\n\n\n\n<ul class=\"wp-block-list\">\n<li>hygi\u00ebnischer te werken<\/li>\n\n\n\n<li>tijd te besparen<\/li>\n\n\n\n<li>kosten te verlagen<\/li>\n\n\n\n<li>duurzamer te functioneren<\/li>\n<\/ul>\n\n\n\n<p>Met Bio-Capes, Scrummi-handdoeken en Eco-Pods vormt WeCare4Hair.Beauty een compleet gamma voor salons die klaar willen zijn voor de toekomst.<\/p>","protected":false},"excerpt":{"rendered":"<p>In een sector waar hygi\u00ebne, snelheid en comfort centraal staan, schakelen steeds meer salons in Belgi\u00eb en Luxemburg over op Bio-Capes van WeCare4Hair.Beauty. Deze innovatieve kapmantels voor eenmalig gebruik zijn gemaakt in Belgi\u00eb en bieden een duurzaam, praktisch en professioneel alternatief voor traditionele wasbare capes. Bio-Capes combineren modern gebruiksgemak met Belgische productkwaliteit \u2014 ideaal voor [&hellip;]<\/p>\n","protected":false},"author":1,"featured_media":6058,"comment_status":"closed","ping_status":"closed","sticky":false,"template":"","format":"standard","meta":{"_acf_changed":false,"footnotes":""},"categories":[1],"tags":[],"class_list":["post-6057","post","type-post","status-publish","format-standard","has-post-thumbnail","hentry","category-uncategorized"],"acf":[],"yoast_head":"<!-- This site is optimized with the Yoast SEO plugin v27.5 - https:\/\/yoast.com\/product\/yoast-seo-wordpress\/ -->\n<title>Bio-Capes: Belgische kwaliteit - WeCare4Hair<\/title>\n<meta name=\"description\" content=\"Bio-Capes disposable kapmantels: Belgisch gemaakt, hygi\u00ebnisch &amp; eco-friendly. Bespaar tijd en verhoog comfort. Exclusief van WeCare4Hair.Beauty.\" \/>\n<meta name=\"robots\" content=\"index, follow, max-snippet:-1, max-image-preview:large, max-video-preview:-1\" \/>\n<link rel=\"canonical\" href=\"https:\/\/wecare4hair.com\/fr\/bio-capes-belgische-kwaliteit-voor-een-hygienisch-en-efficient-salon\/\" \/>\n<meta property=\"og:locale\" content=\"fr_FR\" \/>\n<meta property=\"og:type\" content=\"article\" \/>\n<meta property=\"og:title\" content=\"Bio-Capes: Belgische kwaliteit - WeCare4Hair\" \/>\n<meta property=\"og:description\" content=\"Bio-Capes disposable kapmantels: Belgisch gemaakt, hygi\u00ebnisch &amp; eco-friendly. Bespaar tijd en verhoog comfort. Exclusief van WeCare4Hair.Beauty.\" \/>\n<meta property=\"og:url\" content=\"https:\/\/wecare4hair.com\/fr\/bio-capes-belgische-kwaliteit-voor-een-hygienisch-en-efficient-salon\/\" \/>\n<meta property=\"og:site_name\" content=\"WeCare4Hair\" \/>\n<meta property=\"article:publisher\" content=\"https:\/\/www.facebook.com\/WeCare4Hair\" \/>\n<meta property=\"article:published_time\" content=\"2025-12-15T09:00:00+00:00\" \/>\n<meta property=\"og:image\" content=\"https:\/\/wecare4hair.com\/wp-content\/uploads\/2025\/12\/Afbeelding-75.jpeg\" \/>\n\t<meta property=\"og:image:width\" content=\"427\" \/>\n\t<meta property=\"og:image:height\" content=\"640\" \/>\n\t<meta property=\"og:image:type\" content=\"image\/jpeg\" \/>\n<meta name=\"author\" content=\"Dieter Jeanty\" \/>\n<meta name=\"twitter:card\" content=\"summary_large_image\" \/>\n<meta name=\"twitter:label1\" content=\"\u00c9crit par\" \/>\n\t<meta name=\"twitter:data1\" content=\"Dieter Jeanty\" \/>\n\t<meta name=\"twitter:label2\" content=\"Dur\u00e9e de lecture estim\u00e9e\" \/>\n\t<meta name=\"twitter:data2\" content=\"3 minutes\" \/>\n<script type=\"application\/ld+json\" class=\"yoast-schema-graph\">{\"@context\":\"https:\\\/\\\/schema.org\",\"@graph\":[{\"@type\":\"Article\",\"@id\":\"https:\\\/\\\/wecare4hair.com\\\/bio-capes-belgische-kwaliteit-voor-een-hygienisch-en-efficient-salon\\\/#article\",\"isPartOf\":{\"@id\":\"https:\\\/\\\/wecare4hair.com\\\/bio-capes-belgische-kwaliteit-voor-een-hygienisch-en-efficient-salon\\\/\"},\"author\":{\"name\":\"Dieter Jeanty\",\"@id\":\"https:\\\/\\\/wecare4hair.com\\\/#\\\/schema\\\/person\\\/110c6d55c0ae446f66c1afbb5f33611e\"},\"headline\":\"Bio-Capes: Belgische kwaliteit voor een hygi\u00ebnisch en effici\u00ebnt salon\",\"datePublished\":\"2025-12-15T09:00:00+00:00\",\"mainEntityOfPage\":{\"@id\":\"https:\\\/\\\/wecare4hair.com\\\/bio-capes-belgische-kwaliteit-voor-een-hygienisch-en-efficient-salon\\\/\"},\"wordCount\":433,\"publisher\":{\"@id\":\"https:\\\/\\\/wecare4hair.com\\\/#organization\"},\"image\":{\"@id\":\"https:\\\/\\\/wecare4hair.com\\\/bio-capes-belgische-kwaliteit-voor-een-hygienisch-en-efficient-salon\\\/#primaryimage\"},\"thumbnailUrl\":\"https:\\\/\\\/wecare4hair.com\\\/wp-content\\\/uploads\\\/2025\\\/12\\\/Afbeelding-75.jpeg\",\"articleSection\":[\"Uncategorized\"],\"inLanguage\":\"fr-FR\"},{\"@type\":\"WebPage\",\"@id\":\"https:\\\/\\\/wecare4hair.com\\\/bio-capes-belgische-kwaliteit-voor-een-hygienisch-en-efficient-salon\\\/\",\"url\":\"https:\\\/\\\/wecare4hair.com\\\/bio-capes-belgische-kwaliteit-voor-een-hygienisch-en-efficient-salon\\\/\",\"name\":\"Bio-Capes: Belgische kwaliteit - WeCare4Hair\",\"isPartOf\":{\"@id\":\"https:\\\/\\\/wecare4hair.com\\\/#website\"},\"primaryImageOfPage\":{\"@id\":\"https:\\\/\\\/wecare4hair.com\\\/bio-capes-belgische-kwaliteit-voor-een-hygienisch-en-efficient-salon\\\/#primaryimage\"},\"image\":{\"@id\":\"https:\\\/\\\/wecare4hair.com\\\/bio-capes-belgische-kwaliteit-voor-een-hygienisch-en-efficient-salon\\\/#primaryimage\"},\"thumbnailUrl\":\"https:\\\/\\\/wecare4hair.com\\\/wp-content\\\/uploads\\\/2025\\\/12\\\/Afbeelding-75.jpeg\",\"datePublished\":\"2025-12-15T09:00:00+00:00\",\"description\":\"Bio-Capes disposable kapmantels: Belgisch gemaakt, hygi\u00ebnisch & eco-friendly. Bespaar tijd en verhoog comfort. Exclusief van WeCare4Hair.Beauty.\",\"breadcrumb\":{\"@id\":\"https:\\\/\\\/wecare4hair.com\\\/bio-capes-belgische-kwaliteit-voor-een-hygienisch-en-efficient-salon\\\/#breadcrumb\"},\"inLanguage\":\"fr-FR\",\"potentialAction\":[{\"@type\":\"ReadAction\",\"target\":[\"https:\\\/\\\/wecare4hair.com\\\/bio-capes-belgische-kwaliteit-voor-een-hygienisch-en-efficient-salon\\\/\"]}]},{\"@type\":\"ImageObject\",\"inLanguage\":\"fr-FR\",\"@id\":\"https:\\\/\\\/wecare4hair.com\\\/bio-capes-belgische-kwaliteit-voor-een-hygienisch-en-efficient-salon\\\/#primaryimage\",\"url\":\"https:\\\/\\\/wecare4hair.com\\\/wp-content\\\/uploads\\\/2025\\\/12\\\/Afbeelding-75.jpeg\",\"contentUrl\":\"https:\\\/\\\/wecare4hair.com\\\/wp-content\\\/uploads\\\/2025\\\/12\\\/Afbeelding-75.jpeg\",\"width\":427,\"height\":640},{\"@type\":\"BreadcrumbList\",\"@id\":\"https:\\\/\\\/wecare4hair.com\\\/bio-capes-belgische-kwaliteit-voor-een-hygienisch-en-efficient-salon\\\/#breadcrumb\",\"itemListElement\":[{\"@type\":\"ListItem\",\"position\":1,\"name\":\"Home\",\"item\":\"https:\\\/\\\/wecare4hair.com\\\/\"},{\"@type\":\"ListItem\",\"position\":2,\"name\":\"Bio-Capes: Belgische kwaliteit voor een hygi\u00ebnisch en effici\u00ebnt salon\"}]},{\"@type\":\"WebSite\",\"@id\":\"https:\\\/\\\/wecare4hair.com\\\/#website\",\"url\":\"https:\\\/\\\/wecare4hair.com\\\/\",\"name\":\"WeCare4Hair\",\"description\":\"Kwalitatief hoogwaardig kappersmateriaal\",\"publisher\":{\"@id\":\"https:\\\/\\\/wecare4hair.com\\\/#organization\"},\"potentialAction\":[{\"@type\":\"SearchAction\",\"target\":{\"@type\":\"EntryPoint\",\"urlTemplate\":\"https:\\\/\\\/wecare4hair.com\\\/?s={search_term_string}\"},\"query-input\":{\"@type\":\"PropertyValueSpecification\",\"valueRequired\":true,\"valueName\":\"search_term_string\"}}],\"inLanguage\":\"fr-FR\"},{\"@type\":\"Organization\",\"@id\":\"https:\\\/\\\/wecare4hair.com\\\/#organization\",\"name\":\"WeCare4Hair\",\"url\":\"https:\\\/\\\/wecare4hair.com\\\/\",\"logo\":{\"@type\":\"ImageObject\",\"inLanguage\":\"fr-FR\",\"@id\":\"https:\\\/\\\/wecare4hair.com\\\/#\\\/schema\\\/logo\\\/image\\\/\",\"url\":\"https:\\\/\\\/wecare4hair.com\\\/wp-content\\\/uploads\\\/2023\\\/03\\\/Wecareforhairlogo.png\",\"contentUrl\":\"https:\\\/\\\/wecare4hair.com\\\/wp-content\\\/uploads\\\/2023\\\/03\\\/Wecareforhairlogo.png\",\"width\":614,\"height\":124,\"caption\":\"WeCare4Hair\"},\"image\":{\"@id\":\"https:\\\/\\\/wecare4hair.com\\\/#\\\/schema\\\/logo\\\/image\\\/\"},\"sameAs\":[\"https:\\\/\\\/www.facebook.com\\\/WeCare4Hair\",\"https:\\\/\\\/www.instagram.com\\\/we_care_4_hair\\\/\"]},{\"@type\":\"Person\",\"@id\":\"https:\\\/\\\/wecare4hair.com\\\/#\\\/schema\\\/person\\\/110c6d55c0ae446f66c1afbb5f33611e\",\"name\":\"Dieter Jeanty\",\"image\":{\"@type\":\"ImageObject\",\"inLanguage\":\"fr-FR\",\"@id\":\"https:\\\/\\\/secure.gravatar.com\\\/avatar\\\/c1f1a8e30a7bb9c291578e50748b40dba2259014db833c5f5b25d1ce349f2fe4?s=96&d=mm&r=g\",\"url\":\"https:\\\/\\\/secure.gravatar.com\\\/avatar\\\/c1f1a8e30a7bb9c291578e50748b40dba2259014db833c5f5b25d1ce349f2fe4?s=96&d=mm&r=g\",\"contentUrl\":\"https:\\\/\\\/secure.gravatar.com\\\/avatar\\\/c1f1a8e30a7bb9c291578e50748b40dba2259014db833c5f5b25d1ce349f2fe4?s=96&d=mm&r=g\",\"caption\":\"Dieter Jeanty\"},\"sameAs\":[\"https:\\\/\\\/wecare4hair.com\"],\"url\":\"https:\\\/\\\/wecare4hair.com\\\/fr\\\/author\\\/infowebtica-be\\\/\"}]}<\/script>\n<!-- \/ Yoast SEO plugin. -->","yoast_head_json":{"title":"Bio-Capes: Belgische kwaliteit - WeCare4Hair","description":"Bio-Capes disposable kapmantels: Belgisch gemaakt, hygi\u00ebnisch & eco-friendly. Bespaar tijd en verhoog comfort. Exclusief van WeCare4Hair.Beauty.","robots":{"index":"index","follow":"follow","max-snippet":"max-snippet:-1","max-image-preview":"max-image-preview:large","max-video-preview":"max-video-preview:-1"},"canonical":"https:\/\/wecare4hair.com\/fr\/bio-capes-belgische-kwaliteit-voor-een-hygienisch-en-efficient-salon\/","og_locale":"fr_FR","og_type":"article","og_title":"Bio-Capes: Belgische kwaliteit - WeCare4Hair","og_description":"Bio-Capes disposable kapmantels: Belgisch gemaakt, hygi\u00ebnisch & eco-friendly. Bespaar tijd en verhoog comfort. Exclusief van WeCare4Hair.Beauty.","og_url":"https:\/\/wecare4hair.com\/fr\/bio-capes-belgische-kwaliteit-voor-een-hygienisch-en-efficient-salon\/","og_site_name":"WeCare4Hair","article_publisher":"https:\/\/www.facebook.com\/WeCare4Hair","article_published_time":"2025-12-15T09:00:00+00:00","og_image":[{"width":427,"height":640,"url":"https:\/\/wecare4hair.com\/wp-content\/uploads\/2025\/12\/Afbeelding-75.jpeg","type":"image\/jpeg"}],"author":"Dieter Jeanty","twitter_card":"summary_large_image","twitter_misc":{"\u00c9crit par":"Dieter Jeanty","Dur\u00e9e de lecture estim\u00e9e":"3 minutes"},"schema":{"@context":"https:\/\/schema.org","@graph":[{"@type":"Article","@id":"https:\/\/wecare4hair.com\/bio-capes-belgische-kwaliteit-voor-een-hygienisch-en-efficient-salon\/#article","isPartOf":{"@id":"https:\/\/wecare4hair.com\/bio-capes-belgische-kwaliteit-voor-een-hygienisch-en-efficient-salon\/"},"author":{"name":"Dieter Jeanty","@id":"https:\/\/wecare4hair.com\/#\/schema\/person\/110c6d55c0ae446f66c1afbb5f33611e"},"headline":"Bio-Capes: Belgische kwaliteit voor een hygi\u00ebnisch en effici\u00ebnt salon","datePublished":"2025-12-15T09:00:00+00:00","mainEntityOfPage":{"@id":"https:\/\/wecare4hair.com\/bio-capes-belgische-kwaliteit-voor-een-hygienisch-en-efficient-salon\/"},"wordCount":433,"publisher":{"@id":"https:\/\/wecare4hair.com\/#organization"},"image":{"@id":"https:\/\/wecare4hair.com\/bio-capes-belgische-kwaliteit-voor-een-hygienisch-en-efficient-salon\/#primaryimage"},"thumbnailUrl":"https:\/\/wecare4hair.com\/wp-content\/uploads\/2025\/12\/Afbeelding-75.jpeg","articleSection":["Uncategorized"],"inLanguage":"fr-FR"},{"@type":"WebPage","@id":"https:\/\/wecare4hair.com\/bio-capes-belgische-kwaliteit-voor-een-hygienisch-en-efficient-salon\/","url":"https:\/\/wecare4hair.com\/bio-capes-belgische-kwaliteit-voor-een-hygienisch-en-efficient-salon\/","name":"Bio-Capes: Belgische kwaliteit - WeCare4Hair","isPartOf":{"@id":"https:\/\/wecare4hair.com\/#website"},"primaryImageOfPage":{"@id":"https:\/\/wecare4hair.com\/bio-capes-belgische-kwaliteit-voor-een-hygienisch-en-efficient-salon\/#primaryimage"},"image":{"@id":"https:\/\/wecare4hair.com\/bio-capes-belgische-kwaliteit-voor-een-hygienisch-en-efficient-salon\/#primaryimage"},"thumbnailUrl":"https:\/\/wecare4hair.com\/wp-content\/uploads\/2025\/12\/Afbeelding-75.jpeg","datePublished":"2025-12-15T09:00:00+00:00","description":"Bio-Capes disposable kapmantels: Belgisch gemaakt, hygi\u00ebnisch & eco-friendly. Bespaar tijd en verhoog comfort. Exclusief van WeCare4Hair.Beauty.","breadcrumb":{"@id":"https:\/\/wecare4hair.com\/bio-capes-belgische-kwaliteit-voor-een-hygienisch-en-efficient-salon\/#breadcrumb"},"inLanguage":"fr-FR","potentialAction":[{"@type":"ReadAction","target":["https:\/\/wecare4hair.com\/bio-capes-belgische-kwaliteit-voor-een-hygienisch-en-efficient-salon\/"]}]},{"@type":"ImageObject","inLanguage":"fr-FR","@id":"https:\/\/wecare4hair.com\/bio-capes-belgische-kwaliteit-voor-een-hygienisch-en-efficient-salon\/#primaryimage","url":"https:\/\/wecare4hair.com\/wp-content\/uploads\/2025\/12\/Afbeelding-75.jpeg","contentUrl":"https:\/\/wecare4hair.com\/wp-content\/uploads\/2025\/12\/Afbeelding-75.jpeg","width":427,"height":640},{"@type":"BreadcrumbList","@id":"https:\/\/wecare4hair.com\/bio-capes-belgische-kwaliteit-voor-een-hygienisch-en-efficient-salon\/#breadcrumb","itemListElement":[{"@type":"ListItem","position":1,"name":"Home","item":"https:\/\/wecare4hair.com\/"},{"@type":"ListItem","position":2,"name":"Bio-Capes: Belgische kwaliteit voor een hygi\u00ebnisch en effici\u00ebnt salon"}]},{"@type":"WebSite","@id":"https:\/\/wecare4hair.com\/#website","url":"https:\/\/wecare4hair.com\/","name":"WeCare4Hair","description":"Mat\u00e9riel de coiffure de haute qualit\u00e9","publisher":{"@id":"https:\/\/wecare4hair.com\/#organization"},"potentialAction":[{"@type":"SearchAction","target":{"@type":"EntryPoint","urlTemplate":"https:\/\/wecare4hair.com\/?s={search_term_string}"},"query-input":{"@type":"PropertyValueSpecification","valueRequired":true,"valueName":"search_term_string"}}],"inLanguage":"fr-FR"},{"@type":"Organization","@id":"https:\/\/wecare4hair.com\/#organization","name":"WeCare4Hair","url":"https:\/\/wecare4hair.com\/","logo":{"@type":"ImageObject","inLanguage":"fr-FR","@id":"https:\/\/wecare4hair.com\/#\/schema\/logo\/image\/","url":"https:\/\/wecare4hair.com\/wp-content\/uploads\/2023\/03\/Wecareforhairlogo.png","contentUrl":"https:\/\/wecare4hair.com\/wp-content\/uploads\/2023\/03\/Wecareforhairlogo.png","width":614,"height":124,"caption":"WeCare4Hair"},"image":{"@id":"https:\/\/wecare4hair.com\/#\/schema\/logo\/image\/"},"sameAs":["https:\/\/www.facebook.com\/WeCare4Hair","https:\/\/www.instagram.com\/we_care_4_hair\/"]},{"@type":"Person","@id":"https:\/\/wecare4hair.com\/#\/schema\/person\/110c6d55c0ae446f66c1afbb5f33611e","name":"Dieter Jeanty","image":{"@type":"ImageObject","inLanguage":"fr-FR","@id":"https:\/\/secure.gravatar.com\/avatar\/c1f1a8e30a7bb9c291578e50748b40dba2259014db833c5f5b25d1ce349f2fe4?s=96&d=mm&r=g","url":"https:\/\/secure.gravatar.com\/avatar\/c1f1a8e30a7bb9c291578e50748b40dba2259014db833c5f5b25d1ce349f2fe4?s=96&d=mm&r=g","contentUrl":"https:\/\/secure.gravatar.com\/avatar\/c1f1a8e30a7bb9c291578e50748b40dba2259014db833c5f5b25d1ce349f2fe4?s=96&d=mm&r=g","caption":"Dieter Jeanty"},"sameAs":["https:\/\/wecare4hair.com"],"url":"https:\/\/wecare4hair.com\/fr\/author\/infowebtica-be\/"}]}},"_links":{"self":[{"href":"https:\/\/wecare4hair.com\/fr\/wp-json\/wp\/v2\/posts\/6057","targetHints":{"allow":["GET"]}}],"collection":[{"href":"https:\/\/wecare4hair.com\/fr\/wp-json\/wp\/v2\/posts"}],"about":[{"href":"https:\/\/wecare4hair.com\/fr\/wp-json\/wp\/v2\/types\/post"}],"author":[{"embeddable":true,"href":"https:\/\/wecare4hair.com\/fr\/wp-json\/wp\/v2\/users\/1"}],"replies":[{"embeddable":true,"href":"https:\/\/wecare4hair.com\/fr\/wp-json\/wp\/v2\/comments?post=6057"}],"version-history":[{"count":1,"href":"https:\/\/wecare4hair.com\/fr\/wp-json\/wp\/v2\/posts\/6057\/revisions"}],"predecessor-version":[{"id":6059,"href":"https:\/\/wecare4hair.com\/fr\/wp-json\/wp\/v2\/posts\/6057\/revisions\/6059"}],"wp:featuredmedia":[{"embeddable":true,"href":"https:\/\/wecare4hair.com\/fr\/wp-json\/wp\/v2\/media\/6058"}],"wp:attachment":[{"href":"https:\/\/wecare4hair.com\/fr\/wp-json\/wp\/v2\/media?parent=6057"}],"wp:term":[{"taxonomy":"category","embeddable":true,"href":"https:\/\/wecare4hair.com\/fr\/wp-json\/wp\/v2\/categories?post=6057"},{"taxonomy":"post_tag","embeddable":true,"href":"https:\/\/wecare4hair.com\/fr\/wp-json\/wp\/v2\/tags?post=6057"}],"curies":[{"name":"wp","href":"https:\/\/api.w.org\/{rel}","templated":true}]}}