{"id":4410,"date":"2024-09-04T08:13:05","date_gmt":"2024-09-04T06:13:05","guid":{"rendered":"https:\/\/wecare4hair.com\/?p=4410"},"modified":"2024-09-04T08:13:06","modified_gmt":"2024-09-04T06:13:06","slug":"temoignage-decouvrez-comment-franks-atelier-beneficie-des-produits-durables-de-wecare4hair-beauty","status":"publish","type":"post","link":"https:\/\/wecare4hair.com\/fr\/testimonial-ontdek-hoe-franks-atelier-profiteert-van-duurzame-producten-van-wecare4hair-beauty\/","title":{"rendered":"T\u00e9moignage\u00a0: D\u00e9couvrez comment Franks Atelier b\u00e9n\u00e9ficie des produits durables de WeCare4Hair.Beauty"},"content":{"rendered":"<p><strong>L&#039;atelier de Franck<\/strong>, un salon de coiffure leader b\u00e9n\u00e9ficiant d&#039;une r\u00e9putation irr\u00e9prochable en mati\u00e8re de savoir-faire et d&#039;utilisation de produits de la plus haute qualit\u00e9, s&#039;engage fortement en faveur d&#039;applications respectueuses de l&#039;environnement dans son salon. Ils misent depuis des ann\u00e9es sur des produits de coiffure durables et respectueux de l&#039;environnement.\u00a0<strong>WeCare4Hair.Beauty<\/strong>, comme nos biod\u00e9gradables <a href=\"https:\/\/wecare4hair.com\/fr\/des-produits\/eco-pots-de-peinture-a-usage-unique-350ml\/\">pots de peinture \u00e9cologiques<\/a> \u00e0 usage unique.<\/p>\n\n\n\n<p>Nous avons parl\u00e9 avec\u00a0<strong>Luc Schouterden<\/strong>\u00a0de Franks Atelier sur leurs exp\u00e9riences avec le <a href=\"https:\/\/wecare4hair.com\/fr\/des-produits\/eco-pots-de-peinture-a-usage-unique-350ml\/\">pots de peinture \u00e9cologiques<\/a> par\u00a0<strong>WeCare4Hair.Beauty<\/strong>. Ci-dessous, il partage ses exp\u00e9riences et les avantages de l&#039;utilisation de nos produits :<\/p>\n\n\n\n<p><strong>1. Quelles ont \u00e9t\u00e9 vos premi\u00e8res impressions sur les pots de peinture \u00e9cologiques de WeCare4Hair.Beauty lorsque vous avez commenc\u00e9 \u00e0 les utiliser\u00a0?<\/strong><\/p>\n\n\n\n<p><strong>Luc :<\/strong>&nbsp;Ma premi\u00e8re impression a \u00e9t\u00e9 tr\u00e8s positive. Moins de consommation d&#039;eau, pas de soucis pour laver la vaisselle et vous pouvez facilement la recycler avec le carton.<\/p>\n\n\n\n<p><strong>2. Comment les pots de teinture \u00e9cologiques de WeCare4Hair.Beauty ont-ils chang\u00e9 votre routine de travail en salon, notamment en termes de commodit\u00e9 et d&#039;efficacit\u00e9\u00a0?<\/strong><\/p>\n\n\n\n<p><strong>Luc :<\/strong>&nbsp;Nous gagnons d\u00e9sormais beaucoup de temps car nous n&#039;avons plus besoin de laver les casseroles et utilisons beaucoup moins d&#039;eau. Cela rend notre processus de travail beaucoup plus efficace.<\/p>\n\n\n\n<p><strong>3. Avez-vous remarqu\u00e9 que l&#039;utilisation des pots de peinture \u00e9cologiques de WeCare4Hair.Beauty a eu un impact sur la quantit\u00e9 de d\u00e9chets produits par votre salon ?<\/strong><\/p>\n\n\n\n<p><strong>Luc :<\/strong>&nbsp;En mati\u00e8re de d\u00e9chets, il y a moins de soucis de nettoyage, et surtout on gagne beaucoup de temps, ce qui est tr\u00e8s pr\u00e9cieux pour nous.<\/p>\n\n\n\n<p><strong>4. Quels commentaires avez-vous re\u00e7us de vos clients ou de vos employ\u00e9s \u00e0 propos des pots de teinture \u00e9cologiques de WeCare4Hair.Beauty, et comment cela a-t-il influenc\u00e9 votre d\u00e9cision de continuer \u00e0 les utiliser\u00a0?<\/strong><\/p>\n\n\n\n<p><strong>Luc :<\/strong>&nbsp;Les r\u00e9actions sont unanimement positives. Tout le monde est enthousiaste, et on perd moins de temps car on n&#039;a plus \u00e0 nettoyer les casseroles. Cela nous a certainement convaincu de continuer \u00e0 les utiliser.<\/p>\n\n\n\n<p><strong>5. Recommanderiez-vous les pots de teinture \u00e9cologiques de WeCare4Hair.Beauty \u00e0 d&#039;autres salons, et si oui, quels avantages souligneriez-vous ?<\/strong><\/p>\n\n\n\n<p><strong>Luc :<\/strong>&nbsp;Absolu. Le plus grand avantage est l\u2019\u00e9norme gain de temps et l\u2019aspect durable des produits.<\/p>\n\n\n\n<p>Nous voulons&nbsp;<strong>L&#039;atelier de Franck<\/strong>&nbsp;merci pour leur confiance dans les produits de&nbsp;<strong>WeCare4Hair.Beauty<\/strong>. Nous leur souhaitons bonne chance avec leur magnifique salon de coiffure !<\/p>\n\n\n\n<p>\u00cates-vous curieux de savoir comment les produits durables de&nbsp;<strong>WeCare4Hair<\/strong>&nbsp;envie d&#039;am\u00e9liorer votre salon ? D\u00e9couvrez comment nos \u00e9conomies d&#039;eau&nbsp;<strong>POMMEAUX \u00e9co<\/strong>, biod\u00e9gradable&nbsp;<strong>pots de peinture \u00e9cologiques<\/strong>&nbsp;et d&#039;autres produits de coiffure respectueux de l&#039;environnement peuvent vous aider \u00e0 travailler plus efficacement et de mani\u00e8re plus durable. Contactez-nous d\u00e8s aujourd&#039;hui pour plus d&#039;informations.<\/p>\n\n\n\n<p>Au fait, le saviez-vous ?\u00a0<strong>L&#039;atelier de Franck<\/strong>\u00a0a r\u00e9cemment commenc\u00e9 \u00e0 travailler avec le\u00a0<strong>POMMEAUX \u00e9co<\/strong>, qui utilisent jusqu&#039;\u00e0 65% d&#039;eau en moins\u00a0? Peut-\u00eatre que nous ferons un petit examen \u00e0 ce sujet \u00e0 l&#039;avenir.<\/p>","protected":false},"excerpt":{"rendered":"<p>Franks Atelier, een toonaangevend kapsalon met een onberispelijke reputatie voor vakmanschap en het gebruik van producten van de hoogste kwaliteit, zet sterk in op milieuvriendelijke toepassingen in hun salon. Ze vertrouwen al jaren op de duurzame en milieuvriendelijke kappersproducten van\u00a0WeCare4Hair.Beauty, zoals onze biologisch afbreekbare eco-verfpotjes voor eenmalig gebruik. We spraken met\u00a0Luc Schouterden\u00a0van Franks Atelier over [&hellip;]<\/p>\n","protected":false},"author":1,"featured_media":4411,"comment_status":"closed","ping_status":"closed","sticky":false,"template":"","format":"standard","meta":{"_acf_changed":false,"footnotes":""},"categories":[1],"tags":[],"class_list":["post-4410","post","type-post","status-publish","format-standard","has-post-thumbnail","hentry","category-uncategorized"],"acf":[],"yoast_head":"<!-- This site is optimized with the Yoast SEO plugin v27.5 - https:\/\/yoast.com\/product\/yoast-seo-wordpress\/ -->\n<title>Testimonial:\u00a0Ontdek hoe Franks Atelier profiteert van duurzame producten van WeCare4Hair.Beauty - WeCare4Hair<\/title>\n<meta name=\"robots\" content=\"index, follow, max-snippet:-1, max-image-preview:large, max-video-preview:-1\" \/>\n<link rel=\"canonical\" href=\"https:\/\/wecare4hair.com\/fr\/temoignage-decouvrez-comment-franks-atelier-beneficie-des-produits-durables-de-wecare4hair-beauty\/\" \/>\n<meta property=\"og:locale\" content=\"fr_FR\" \/>\n<meta property=\"og:type\" content=\"article\" \/>\n<meta property=\"og:title\" content=\"Testimonial:\u00a0Ontdek hoe Franks Atelier profiteert van duurzame producten van WeCare4Hair.Beauty - WeCare4Hair\" \/>\n<meta property=\"og:description\" content=\"Franks Atelier, een toonaangevend kapsalon met een onberispelijke reputatie voor vakmanschap en het gebruik van producten van de hoogste kwaliteit, zet sterk in op milieuvriendelijke toepassingen in hun salon. Ze vertrouwen al jaren op de duurzame en milieuvriendelijke kappersproducten van\u00a0WeCare4Hair.Beauty, zoals onze biologisch afbreekbare eco-verfpotjes voor eenmalig gebruik. We spraken met\u00a0Luc Schouterden\u00a0van Franks Atelier over [&hellip;]\" \/>\n<meta property=\"og:url\" content=\"https:\/\/wecare4hair.com\/fr\/temoignage-decouvrez-comment-franks-atelier-beneficie-des-produits-durables-de-wecare4hair-beauty\/\" \/>\n<meta property=\"og:site_name\" content=\"WeCare4Hair\" \/>\n<meta property=\"article:publisher\" content=\"https:\/\/www.facebook.com\/WeCare4Hair\" \/>\n<meta property=\"article:published_time\" content=\"2024-09-04T06:13:05+00:00\" \/>\n<meta property=\"article:modified_time\" content=\"2024-09-04T06:13:06+00:00\" \/>\n<meta property=\"og:image\" content=\"https:\/\/wecare4hair.com\/wp-content\/uploads\/2024\/09\/ac8bbd03-9e8e-0976-a01b-05afe0ab7d93.jpeg\" \/>\n\t<meta property=\"og:image:width\" content=\"2560\" \/>\n\t<meta property=\"og:image:height\" content=\"1707\" \/>\n\t<meta property=\"og:image:type\" content=\"image\/jpeg\" \/>\n<meta name=\"author\" content=\"Dieter Jeanty\" \/>\n<meta name=\"twitter:card\" content=\"summary_large_image\" \/>\n<meta name=\"twitter:label1\" content=\"\u00c9crit par\" \/>\n\t<meta name=\"twitter:data1\" content=\"Dieter Jeanty\" \/>\n\t<meta name=\"twitter:label2\" content=\"Dur\u00e9e de lecture estim\u00e9e\" \/>\n\t<meta name=\"twitter:data2\" content=\"2 minutes\" \/>\n<script type=\"application\/ld+json\" class=\"yoast-schema-graph\">{\"@context\":\"https:\\\/\\\/schema.org\",\"@graph\":[{\"@type\":\"Article\",\"@id\":\"https:\\\/\\\/wecare4hair.com\\\/testimonial-ontdek-hoe-franks-atelier-profiteert-van-duurzame-producten-van-wecare4hair-beauty\\\/#article\",\"isPartOf\":{\"@id\":\"https:\\\/\\\/wecare4hair.com\\\/testimonial-ontdek-hoe-franks-atelier-profiteert-van-duurzame-producten-van-wecare4hair-beauty\\\/\"},\"author\":{\"name\":\"Dieter Jeanty\",\"@id\":\"https:\\\/\\\/wecare4hair.com\\\/#\\\/schema\\\/person\\\/110c6d55c0ae446f66c1afbb5f33611e\"},\"headline\":\"Testimonial:\u00a0Ontdek hoe Franks Atelier profiteert van duurzame producten van WeCare4Hair.Beauty\",\"datePublished\":\"2024-09-04T06:13:05+00:00\",\"dateModified\":\"2024-09-04T06:13:06+00:00\",\"mainEntityOfPage\":{\"@id\":\"https:\\\/\\\/wecare4hair.com\\\/testimonial-ontdek-hoe-franks-atelier-profiteert-van-duurzame-producten-van-wecare4hair-beauty\\\/\"},\"wordCount\":449,\"publisher\":{\"@id\":\"https:\\\/\\\/wecare4hair.com\\\/#organization\"},\"image\":{\"@id\":\"https:\\\/\\\/wecare4hair.com\\\/testimonial-ontdek-hoe-franks-atelier-profiteert-van-duurzame-producten-van-wecare4hair-beauty\\\/#primaryimage\"},\"thumbnailUrl\":\"https:\\\/\\\/wecare4hair.com\\\/wp-content\\\/uploads\\\/2024\\\/09\\\/ac8bbd03-9e8e-0976-a01b-05afe0ab7d93.jpeg\",\"articleSection\":[\"Uncategorized\"],\"inLanguage\":\"fr-FR\"},{\"@type\":\"WebPage\",\"@id\":\"https:\\\/\\\/wecare4hair.com\\\/testimonial-ontdek-hoe-franks-atelier-profiteert-van-duurzame-producten-van-wecare4hair-beauty\\\/\",\"url\":\"https:\\\/\\\/wecare4hair.com\\\/testimonial-ontdek-hoe-franks-atelier-profiteert-van-duurzame-producten-van-wecare4hair-beauty\\\/\",\"name\":\"Testimonial:\u00a0Ontdek hoe Franks Atelier profiteert van duurzame producten van WeCare4Hair.Beauty - WeCare4Hair\",\"isPartOf\":{\"@id\":\"https:\\\/\\\/wecare4hair.com\\\/#website\"},\"primaryImageOfPage\":{\"@id\":\"https:\\\/\\\/wecare4hair.com\\\/testimonial-ontdek-hoe-franks-atelier-profiteert-van-duurzame-producten-van-wecare4hair-beauty\\\/#primaryimage\"},\"image\":{\"@id\":\"https:\\\/\\\/wecare4hair.com\\\/testimonial-ontdek-hoe-franks-atelier-profiteert-van-duurzame-producten-van-wecare4hair-beauty\\\/#primaryimage\"},\"thumbnailUrl\":\"https:\\\/\\\/wecare4hair.com\\\/wp-content\\\/uploads\\\/2024\\\/09\\\/ac8bbd03-9e8e-0976-a01b-05afe0ab7d93.jpeg\",\"datePublished\":\"2024-09-04T06:13:05+00:00\",\"dateModified\":\"2024-09-04T06:13:06+00:00\",\"breadcrumb\":{\"@id\":\"https:\\\/\\\/wecare4hair.com\\\/testimonial-ontdek-hoe-franks-atelier-profiteert-van-duurzame-producten-van-wecare4hair-beauty\\\/#breadcrumb\"},\"inLanguage\":\"fr-FR\",\"potentialAction\":[{\"@type\":\"ReadAction\",\"target\":[\"https:\\\/\\\/wecare4hair.com\\\/testimonial-ontdek-hoe-franks-atelier-profiteert-van-duurzame-producten-van-wecare4hair-beauty\\\/\"]}]},{\"@type\":\"ImageObject\",\"inLanguage\":\"fr-FR\",\"@id\":\"https:\\\/\\\/wecare4hair.com\\\/testimonial-ontdek-hoe-franks-atelier-profiteert-van-duurzame-producten-van-wecare4hair-beauty\\\/#primaryimage\",\"url\":\"https:\\\/\\\/wecare4hair.com\\\/wp-content\\\/uploads\\\/2024\\\/09\\\/ac8bbd03-9e8e-0976-a01b-05afe0ab7d93.jpeg\",\"contentUrl\":\"https:\\\/\\\/wecare4hair.com\\\/wp-content\\\/uploads\\\/2024\\\/09\\\/ac8bbd03-9e8e-0976-a01b-05afe0ab7d93.jpeg\",\"width\":2560,\"height\":1707},{\"@type\":\"BreadcrumbList\",\"@id\":\"https:\\\/\\\/wecare4hair.com\\\/testimonial-ontdek-hoe-franks-atelier-profiteert-van-duurzame-producten-van-wecare4hair-beauty\\\/#breadcrumb\",\"itemListElement\":[{\"@type\":\"ListItem\",\"position\":1,\"name\":\"Home\",\"item\":\"https:\\\/\\\/wecare4hair.com\\\/\"},{\"@type\":\"ListItem\",\"position\":2,\"name\":\"Testimonial:\u00a0Ontdek hoe Franks Atelier profiteert van duurzame producten van WeCare4Hair.Beauty\"}]},{\"@type\":\"WebSite\",\"@id\":\"https:\\\/\\\/wecare4hair.com\\\/#website\",\"url\":\"https:\\\/\\\/wecare4hair.com\\\/\",\"name\":\"WeCare4Hair\",\"description\":\"Kwalitatief hoogwaardig kappersmateriaal\",\"publisher\":{\"@id\":\"https:\\\/\\\/wecare4hair.com\\\/#organization\"},\"potentialAction\":[{\"@type\":\"SearchAction\",\"target\":{\"@type\":\"EntryPoint\",\"urlTemplate\":\"https:\\\/\\\/wecare4hair.com\\\/?s={search_term_string}\"},\"query-input\":{\"@type\":\"PropertyValueSpecification\",\"valueRequired\":true,\"valueName\":\"search_term_string\"}}],\"inLanguage\":\"fr-FR\"},{\"@type\":\"Organization\",\"@id\":\"https:\\\/\\\/wecare4hair.com\\\/#organization\",\"name\":\"WeCare4Hair\",\"url\":\"https:\\\/\\\/wecare4hair.com\\\/\",\"logo\":{\"@type\":\"ImageObject\",\"inLanguage\":\"fr-FR\",\"@id\":\"https:\\\/\\\/wecare4hair.com\\\/#\\\/schema\\\/logo\\\/image\\\/\",\"url\":\"https:\\\/\\\/wecare4hair.com\\\/wp-content\\\/uploads\\\/2023\\\/03\\\/Wecareforhairlogo.png\",\"contentUrl\":\"https:\\\/\\\/wecare4hair.com\\\/wp-content\\\/uploads\\\/2023\\\/03\\\/Wecareforhairlogo.png\",\"width\":614,\"height\":124,\"caption\":\"WeCare4Hair\"},\"image\":{\"@id\":\"https:\\\/\\\/wecare4hair.com\\\/#\\\/schema\\\/logo\\\/image\\\/\"},\"sameAs\":[\"https:\\\/\\\/www.facebook.com\\\/WeCare4Hair\",\"https:\\\/\\\/www.instagram.com\\\/we_care_4_hair\\\/\"]},{\"@type\":\"Person\",\"@id\":\"https:\\\/\\\/wecare4hair.com\\\/#\\\/schema\\\/person\\\/110c6d55c0ae446f66c1afbb5f33611e\",\"name\":\"Dieter Jeanty\",\"image\":{\"@type\":\"ImageObject\",\"inLanguage\":\"fr-FR\",\"@id\":\"https:\\\/\\\/secure.gravatar.com\\\/avatar\\\/c1f1a8e30a7bb9c291578e50748b40dba2259014db833c5f5b25d1ce349f2fe4?s=96&d=mm&r=g\",\"url\":\"https:\\\/\\\/secure.gravatar.com\\\/avatar\\\/c1f1a8e30a7bb9c291578e50748b40dba2259014db833c5f5b25d1ce349f2fe4?s=96&d=mm&r=g\",\"contentUrl\":\"https:\\\/\\\/secure.gravatar.com\\\/avatar\\\/c1f1a8e30a7bb9c291578e50748b40dba2259014db833c5f5b25d1ce349f2fe4?s=96&d=mm&r=g\",\"caption\":\"Dieter Jeanty\"},\"sameAs\":[\"https:\\\/\\\/wecare4hair.com\"],\"url\":\"https:\\\/\\\/wecare4hair.com\\\/fr\\\/author\\\/infowebtica-be\\\/\"}]}<\/script>\n<!-- \/ Yoast SEO plugin. -->","yoast_head_json":{"title":"Testimonial:\u00a0Ontdek hoe Franks Atelier profiteert van duurzame producten van WeCare4Hair.Beauty - WeCare4Hair","robots":{"index":"index","follow":"follow","max-snippet":"max-snippet:-1","max-image-preview":"max-image-preview:large","max-video-preview":"max-video-preview:-1"},"canonical":"https:\/\/wecare4hair.com\/fr\/temoignage-decouvrez-comment-franks-atelier-beneficie-des-produits-durables-de-wecare4hair-beauty\/","og_locale":"fr_FR","og_type":"article","og_title":"Testimonial:\u00a0Ontdek hoe Franks Atelier profiteert van duurzame producten van WeCare4Hair.Beauty - WeCare4Hair","og_description":"Franks Atelier, een toonaangevend kapsalon met een onberispelijke reputatie voor vakmanschap en het gebruik van producten van de hoogste kwaliteit, zet sterk in op milieuvriendelijke toepassingen in hun salon. Ze vertrouwen al jaren op de duurzame en milieuvriendelijke kappersproducten van\u00a0WeCare4Hair.Beauty, zoals onze biologisch afbreekbare eco-verfpotjes voor eenmalig gebruik. We spraken met\u00a0Luc Schouterden\u00a0van Franks Atelier over [&hellip;]","og_url":"https:\/\/wecare4hair.com\/fr\/temoignage-decouvrez-comment-franks-atelier-beneficie-des-produits-durables-de-wecare4hair-beauty\/","og_site_name":"WeCare4Hair","article_publisher":"https:\/\/www.facebook.com\/WeCare4Hair","article_published_time":"2024-09-04T06:13:05+00:00","article_modified_time":"2024-09-04T06:13:06+00:00","og_image":[{"width":2560,"height":1707,"url":"https:\/\/wecare4hair.com\/wp-content\/uploads\/2024\/09\/ac8bbd03-9e8e-0976-a01b-05afe0ab7d93.jpeg","type":"image\/jpeg"}],"author":"Dieter Jeanty","twitter_card":"summary_large_image","twitter_misc":{"\u00c9crit par":"Dieter Jeanty","Dur\u00e9e de lecture estim\u00e9e":"2 minutes"},"schema":{"@context":"https:\/\/schema.org","@graph":[{"@type":"Article","@id":"https:\/\/wecare4hair.com\/testimonial-ontdek-hoe-franks-atelier-profiteert-van-duurzame-producten-van-wecare4hair-beauty\/#article","isPartOf":{"@id":"https:\/\/wecare4hair.com\/testimonial-ontdek-hoe-franks-atelier-profiteert-van-duurzame-producten-van-wecare4hair-beauty\/"},"author":{"name":"Dieter Jeanty","@id":"https:\/\/wecare4hair.com\/#\/schema\/person\/110c6d55c0ae446f66c1afbb5f33611e"},"headline":"Testimonial:\u00a0Ontdek hoe Franks Atelier profiteert van duurzame producten van WeCare4Hair.Beauty","datePublished":"2024-09-04T06:13:05+00:00","dateModified":"2024-09-04T06:13:06+00:00","mainEntityOfPage":{"@id":"https:\/\/wecare4hair.com\/testimonial-ontdek-hoe-franks-atelier-profiteert-van-duurzame-producten-van-wecare4hair-beauty\/"},"wordCount":449,"publisher":{"@id":"https:\/\/wecare4hair.com\/#organization"},"image":{"@id":"https:\/\/wecare4hair.com\/testimonial-ontdek-hoe-franks-atelier-profiteert-van-duurzame-producten-van-wecare4hair-beauty\/#primaryimage"},"thumbnailUrl":"https:\/\/wecare4hair.com\/wp-content\/uploads\/2024\/09\/ac8bbd03-9e8e-0976-a01b-05afe0ab7d93.jpeg","articleSection":["Uncategorized"],"inLanguage":"fr-FR"},{"@type":"WebPage","@id":"https:\/\/wecare4hair.com\/testimonial-ontdek-hoe-franks-atelier-profiteert-van-duurzame-producten-van-wecare4hair-beauty\/","url":"https:\/\/wecare4hair.com\/testimonial-ontdek-hoe-franks-atelier-profiteert-van-duurzame-producten-van-wecare4hair-beauty\/","name":"Testimonial:\u00a0Ontdek hoe Franks Atelier profiteert van duurzame producten van WeCare4Hair.Beauty - WeCare4Hair","isPartOf":{"@id":"https:\/\/wecare4hair.com\/#website"},"primaryImageOfPage":{"@id":"https:\/\/wecare4hair.com\/testimonial-ontdek-hoe-franks-atelier-profiteert-van-duurzame-producten-van-wecare4hair-beauty\/#primaryimage"},"image":{"@id":"https:\/\/wecare4hair.com\/testimonial-ontdek-hoe-franks-atelier-profiteert-van-duurzame-producten-van-wecare4hair-beauty\/#primaryimage"},"thumbnailUrl":"https:\/\/wecare4hair.com\/wp-content\/uploads\/2024\/09\/ac8bbd03-9e8e-0976-a01b-05afe0ab7d93.jpeg","datePublished":"2024-09-04T06:13:05+00:00","dateModified":"2024-09-04T06:13:06+00:00","breadcrumb":{"@id":"https:\/\/wecare4hair.com\/testimonial-ontdek-hoe-franks-atelier-profiteert-van-duurzame-producten-van-wecare4hair-beauty\/#breadcrumb"},"inLanguage":"fr-FR","potentialAction":[{"@type":"ReadAction","target":["https:\/\/wecare4hair.com\/testimonial-ontdek-hoe-franks-atelier-profiteert-van-duurzame-producten-van-wecare4hair-beauty\/"]}]},{"@type":"ImageObject","inLanguage":"fr-FR","@id":"https:\/\/wecare4hair.com\/testimonial-ontdek-hoe-franks-atelier-profiteert-van-duurzame-producten-van-wecare4hair-beauty\/#primaryimage","url":"https:\/\/wecare4hair.com\/wp-content\/uploads\/2024\/09\/ac8bbd03-9e8e-0976-a01b-05afe0ab7d93.jpeg","contentUrl":"https:\/\/wecare4hair.com\/wp-content\/uploads\/2024\/09\/ac8bbd03-9e8e-0976-a01b-05afe0ab7d93.jpeg","width":2560,"height":1707},{"@type":"BreadcrumbList","@id":"https:\/\/wecare4hair.com\/testimonial-ontdek-hoe-franks-atelier-profiteert-van-duurzame-producten-van-wecare4hair-beauty\/#breadcrumb","itemListElement":[{"@type":"ListItem","position":1,"name":"Home","item":"https:\/\/wecare4hair.com\/"},{"@type":"ListItem","position":2,"name":"Testimonial:\u00a0Ontdek hoe Franks Atelier profiteert van duurzame producten van WeCare4Hair.Beauty"}]},{"@type":"WebSite","@id":"https:\/\/wecare4hair.com\/#website","url":"https:\/\/wecare4hair.com\/","name":"WeCare4Hair","description":"Mat\u00e9riel de coiffure de haute qualit\u00e9","publisher":{"@id":"https:\/\/wecare4hair.com\/#organization"},"potentialAction":[{"@type":"SearchAction","target":{"@type":"EntryPoint","urlTemplate":"https:\/\/wecare4hair.com\/?s={search_term_string}"},"query-input":{"@type":"PropertyValueSpecification","valueRequired":true,"valueName":"search_term_string"}}],"inLanguage":"fr-FR"},{"@type":"Organization","@id":"https:\/\/wecare4hair.com\/#organization","name":"WeCare4Hair","url":"https:\/\/wecare4hair.com\/","logo":{"@type":"ImageObject","inLanguage":"fr-FR","@id":"https:\/\/wecare4hair.com\/#\/schema\/logo\/image\/","url":"https:\/\/wecare4hair.com\/wp-content\/uploads\/2023\/03\/Wecareforhairlogo.png","contentUrl":"https:\/\/wecare4hair.com\/wp-content\/uploads\/2023\/03\/Wecareforhairlogo.png","width":614,"height":124,"caption":"WeCare4Hair"},"image":{"@id":"https:\/\/wecare4hair.com\/#\/schema\/logo\/image\/"},"sameAs":["https:\/\/www.facebook.com\/WeCare4Hair","https:\/\/www.instagram.com\/we_care_4_hair\/"]},{"@type":"Person","@id":"https:\/\/wecare4hair.com\/#\/schema\/person\/110c6d55c0ae446f66c1afbb5f33611e","name":"Dieter Jeanty","image":{"@type":"ImageObject","inLanguage":"fr-FR","@id":"https:\/\/secure.gravatar.com\/avatar\/c1f1a8e30a7bb9c291578e50748b40dba2259014db833c5f5b25d1ce349f2fe4?s=96&d=mm&r=g","url":"https:\/\/secure.gravatar.com\/avatar\/c1f1a8e30a7bb9c291578e50748b40dba2259014db833c5f5b25d1ce349f2fe4?s=96&d=mm&r=g","contentUrl":"https:\/\/secure.gravatar.com\/avatar\/c1f1a8e30a7bb9c291578e50748b40dba2259014db833c5f5b25d1ce349f2fe4?s=96&d=mm&r=g","caption":"Dieter Jeanty"},"sameAs":["https:\/\/wecare4hair.com"],"url":"https:\/\/wecare4hair.com\/fr\/author\/infowebtica-be\/"}]}},"_links":{"self":[{"href":"https:\/\/wecare4hair.com\/fr\/wp-json\/wp\/v2\/posts\/4410","targetHints":{"allow":["GET"]}}],"collection":[{"href":"https:\/\/wecare4hair.com\/fr\/wp-json\/wp\/v2\/posts"}],"about":[{"href":"https:\/\/wecare4hair.com\/fr\/wp-json\/wp\/v2\/types\/post"}],"author":[{"embeddable":true,"href":"https:\/\/wecare4hair.com\/fr\/wp-json\/wp\/v2\/users\/1"}],"replies":[{"embeddable":true,"href":"https:\/\/wecare4hair.com\/fr\/wp-json\/wp\/v2\/comments?post=4410"}],"version-history":[{"count":0,"href":"https:\/\/wecare4hair.com\/fr\/wp-json\/wp\/v2\/posts\/4410\/revisions"}],"wp:featuredmedia":[{"embeddable":true,"href":"https:\/\/wecare4hair.com\/fr\/wp-json\/wp\/v2\/media\/4411"}],"wp:attachment":[{"href":"https:\/\/wecare4hair.com\/fr\/wp-json\/wp\/v2\/media?parent=4410"}],"wp:term":[{"taxonomy":"category","embeddable":true,"href":"https:\/\/wecare4hair.com\/fr\/wp-json\/wp\/v2\/categories?post=4410"},{"taxonomy":"post_tag","embeddable":true,"href":"https:\/\/wecare4hair.com\/fr\/wp-json\/wp\/v2\/tags?post=4410"}],"curies":[{"name":"wp","href":"https:\/\/api.w.org\/{rel}","templated":true}]}}